{"id":133,"date":"2022-01-10T11:15:22","date_gmt":"2022-01-10T08:15:22","guid":{"rendered":"https:\/\/gokhantanriverdi.com.tr\/blog\/?p=133"},"modified":"2022-01-11T01:03:33","modified_gmt":"2022-01-10T22:03:33","slug":"e-ticaret-domain-marka-tescili-pazaryeri-magaza-adi-secimi","status":"publish","type":"post","link":"https:\/\/gokhantanriverdi.com.tr\/blog\/e-ticaret-domain-marka-tescili-pazaryeri-magaza-adi-secimi\/","title":{"rendered":"E-Ticaret Domain, Marka Tescili, Pazaryeri Ma\u011faza Ad\u0131 Se\u00e7imi"},"content":{"rendered":"\n<figure class=\"wp-block-embed is-type-video is-provider-youtube wp-block-embed-youtube wp-embed-aspect-16-9 wp-has-aspect-ratio\"><div class=\"wp-block-embed__wrapper\">\n<iframe loading=\"lazy\" title=\"E-Ticaret E\u011fitimi - Domain, Marka Tescili, Pazaryeri Ma\u011faza Ad\u0131 Se\u00e7imi\" width=\"640\" height=\"360\" src=\"https:\/\/www.youtube.com\/embed\/c1hnCg9v9vg?feature=oembed\" frameborder=\"0\" allow=\"accelerometer; autoplay; clipboard-write; encrypted-media; gyroscope; picture-in-picture; web-share\" referrerpolicy=\"strict-origin-when-cross-origin\" allowfullscreen><\/iframe>\n<\/div><\/figure>\n\n\n\n<p>\u0130zlemediyseniz bu konuyla ba\u011flant\u0131l\u0131 2 video\u2019ya Youtube kanal\u0131nda g\u00f6z atmay\u0131 unutmay\u0131n.<\/p>\n\n\n\n<h2 class=\"wp-block-heading\"><br><strong>E-Ticaret i\u00e7in Marka Tescili<\/strong><\/h2>\n\n\n\n<p class=\"has-normal-font-size\"><br>Bundan bir 5-6 y\u0131l \u00f6nce e-ticaret sat\u0131c\u0131lar\u0131 i\u00e7in marka tescilinin \u00e7ok b\u00fcy\u00fck bir \u00f6nemi yoktu ama bug\u00fcn bakt\u0131\u011f\u0131n\u0131zda bu i\u015fe ba\u015flamadan \u00f6nce yapman\u0131z gereken ilk i\u015flerden bir tanesi domaninizin ve \u00fcr\u00fcn\u00fcn\u00fcz\u00fcn markas\u0131 i\u00e7in tescil yapt\u0131rmak. <\/p>\n\n\n\n<p class=\"has-normal-font-size\">Peki bu neden \u00f6nemli, \u00f6zellikle <a href=\"https:\/\/gokhantanriverdi.com.tr\/blog\/index.php\/category\/hepsiburada\/\" data-type=\"category\" data-id=\"10\">Hepsiburada<\/a>, <a href=\"https:\/\/gokhantanriverdi.com.tr\/blog\/index.php\/category\/trendyol\/\" data-type=\"category\" data-id=\"11\">Trendyol<\/a>, <a href=\"https:\/\/gokhantanriverdi.com.tr\/blog\/index.php\/category\/amazon-turkiye\/\" data-type=\"category\" data-id=\"12\">Amazon<\/a> gibi katalog yap\u0131s\u0131na sahip Pazar yerlerinde, kendi e-ticaret sitenizde sat\u0131\u015f\u0131n\u0131 yapt\u0131\u011f\u0131n\u0131z \u00fcr\u00fcnlerin veya listeledi\u011finiz \u00fcr\u00fcnlerin, kendi markan\u0131z\u0131n, ma\u011faza ad\u0131n\u0131z\u0131n, kopyalanmas\u0131 veya ad\u0131n\u0131z\u0131n kullan\u0131lmal\u0131 riski \u00e7ok b\u00fcy\u00fck.<\/p>\n\n\n\n<p><a href=\"https:\/\/gokhantanriverdi.com.tr\/blog\/index.php\/category\/e-ticaret\/\" data-type=\"category\" data-id=\"17\">E-ticaret<\/a> giri\u015fimcilerinin ya\u015fad\u0131\u011f\u0131 en b\u00fcy\u00fck sorun kendi \u00fcretti\u011fi \u00fcr\u00fcnlerin listesine ba\u015fka sat\u0131c\u0131lar\u0131n, \u00fcr\u00fcn\u00fcn benzeri veya ayn\u0131s\u0131 olacak nitelikte \u00fcr\u00fcnlerle girerek tabiri caiz ise listeyi \u00e7\u00f6p haline getirmesi oluyor. <\/p>\n\n\n\n<p>\u00c7\u00fcnk\u00fc giren sat\u0131c\u0131lar\u0131n \u00e7o\u011fu bu \u00fcr\u00fcn\u00fcn kendisini de\u011fil, benzerlerini g\u00f6nderiyor. <\/p>\n\n\n\n<p>Hal b\u00f6yleyken Bu durum verilen emeklerin maalesef \u00e7\u00f6pe gitmesine, giri\u015fimciyi markan\u0131n ve \u00fcr\u00fcn\u00fcn bat\u0131\u015f\u0131na kadar g\u00f6t\u00fcrebiliyor.<br>Bu Y\u00fczden marka tescili bu i\u015fe ba\u015flamadan \u00f6nce yapman\u0131z gerekenler aras\u0131nda, ilk s\u0131rada yer al\u0131yor.<\/p>\n\n\n\n<h2 class=\"wp-block-heading\"><br><strong>E-Ticaret i\u00e7in Marka ve Ma\u011faza Ad\u0131 Se\u00e7imi<\/strong><\/h2>\n\n\n\n<p><br>Asl\u0131nda marka, domain, ma\u011faza ad\u0131 se\u00e7imi i\u00e7in ge\u00e7erli dikkat edilmesi gereken noktalar\u0131n hepsi baz\u0131 detaylar d\u0131\u015f\u0131nda bir birine benzer nitelikte.<br>Daha \u00f6ncede belirtti\u011fim gibi <a href=\"https:\/\/gokhantanriverdi.com.tr\/blog\/index.php\/category\/marka-tescil\/\" data-type=\"category\" data-id=\"23\">Marka<\/a>, Domain, <a href=\"https:\/\/gokhantanriverdi.com.tr\/blog\/index.php\/category\/pazaryerleri\/\" data-type=\"category\" data-id=\"6\">Ma\u011faza Ad\u0131<\/a> gibi isimler \u00dcnvan\u0131n\u0131zla ayn\u0131 olmak zorunda de\u011fil. Bunlara sizin \u015firket mutfa\u011f\u0131n\u0131z\u0131n birer sunumu olarak bak\u0131n.<\/p>\n\n\n\n<p><br>\u00dcr\u00fcn Markan\u0131z\u0131 se\u00e7erken \u00fcr\u00fcn\u00fcn\u00fczden veya kategorinizden ba\u011f\u0131ms\u0131z hareket etmemeye dikkat etmeniz gerekiyor. \u00d6rnek vermek gerekirse mobilya kategorisinde sat\u0131\u015f yapt\u0131\u011f\u0131n\u0131z bir \u00fcr\u00fcnde marka olarak G\u00dcNE\u015e ELEKTRON\u0130K markas\u0131n\u0131 kullanman\u0131z m\u00fc\u015fteri g\u00f6z\u00fcnde farkl\u0131 bir intiba yaratabilir.<\/p>\n\n\n\n<p><br>Marka ad\u0131n\u0131z\u0131 belirledikten sonra muhakkak \u00fcr\u00fcn listelerinizi yay\u0131nlamadan \u00f6nce marka tescil ba\u015fvurunuzu ger\u00e7ekle\u015ftirin. \u00f6zellikle katalog yap\u0131s\u0131na sahip Pazar yerlerinde \u00dcr\u00fcn listenizi alakas\u0131z bir marka ad\u0131yla ba\u011fda\u015ft\u0131r\u0131rsan\u0131z, \u00fcr\u00fcnleri yay\u0131nlad\u0131ktan sonra marka ad\u0131n\u0131 de\u011fi\u015ftirmeniz m\u00fcmk\u00fcn olmuyor.<\/p>\n\n\n\n<p><br>Marka i\u00e7in s\u00f6ylediklerimin hemen hemen hepsi Ma\u011faza ad\u0131n\u0131z i\u00e7inde ge\u00e7erli, Ma\u011faza Ad\u0131n\u0131z\u0131 se\u00e7erken \u00e7ok uzun metinler olamamas\u0131na, \u00f6zel karakter kullanmamaya ve tek bir kategoride ilerleyecekseniz \u00fcr\u00fcn markalar\u0131n\u0131zla alakal\u0131 olmas\u0131na veya geni\u015f bir \u00fcr\u00fcn yelpazesine hitap edecekseniz genellemeye tabi olacak bir ma\u011faza ad\u0131 olmas\u0131na dikkat etmenizde yarar var.<\/p>\n\n\n\n<p><em>Ma\u011faza ad\u0131n\u0131zla ilgili \u00f6nemli bir nokta var<\/em> ; <\/p>\n\n\n\n<p>E-ticaret sitenizin domaini ile Pazaryerlerindeki ma\u011faza ad\u0131n\u0131z\u0131n ayn\u0131 olmas\u0131 size baz\u0131 avantajlar sa\u011flayabilir. E-ticaret m\u00fc\u015fterilerinin al\u0131\u015fveri\u015f al\u0131\u015fkanl\u0131klar\u0131na bak\u0131ld\u0131\u011f\u0131nda baz\u0131 m\u00fc\u015fterilerin <a href=\"http:\/\/pazaryeri\" data-type=\"URL\" data-id=\"pazaryeri\">pazaryeri<\/a> komisyonlar\u0131n\u0131n fark\u0131nda oldu\u011fu i\u00e7in, Pazar yeri ma\u011faza ad\u0131yla \u00fcr\u00fcn sat\u0131c\u0131s\u0131n\u0131n web sitesine ula\u015farak al\u0131\u015fveri\u015f yapma e\u011filiminde oldu\u011funu biliyoruz. <\/p>\n\n\n\n<p>Buda Size Pazar yeri d\u0131\u015f\u0131nda ki operasyonlar\u0131n\u0131z i\u00e7in dolayl\u0131 olarak bir pazarlama deste\u011fi verebilir.<br>Burada \u015f\u00f6yle bir dipnot iletiyim. <\/p>\n\n\n\n<p>Sizinle Pazar yerleri \u00fczerinden ileti\u015fime ge\u00e7mi\u015f bir m\u00fc\u015fteriyi kesinlikle ve kesinlikle kendi web sitenize veya farkl\u0131 sat\u0131\u015f kanallar\u0131na y\u00f6nlendirme eyleminde bulunmay\u0131n. Bu hem etik de\u011fil hem de t\u00fcm Pazar yerlerinde yasakt\u0131r. Ma\u011fazan\u0131z\u0131n kapanmas\u0131na sebebiyet verebilirsiniz.<\/p>\n\n\n\n<p><br>Ayr\u0131ca Pazaryeri m\u00fc\u015fterileri yine al\u0131\u015fveri\u015f s\u00fcrecinde ya\u015fad\u0131\u011f\u0131 sorunlarla ilgili direkt olarak ma\u011fazan\u0131n kendisiyle ileti\u015fime ge\u00e7erek sorunu \u00e7\u00f6zme e\u011filiminde olabiliyorlar. Buda hali ile hem sizin hem m\u00fc\u015fteri memnuniyeti a\u00e7\u0131s\u0131ndan sorunun h\u0131zl\u0131 bir \u015fekilde \u00e7\u00f6z\u00fclmesini sa\u011flayarak.<\/p>\n\n\n\n<p><br>Buda size asl\u0131nda olumsuz yorumla sonu\u00e7lanacak bir al\u0131\u015fveri\u015f deneyimini pozitif tarafa \u00e7ekme \u015fans\u0131n\u0131 veriyor.<br>Domain se\u00e7iminde global bir uzant\u0131 olan .com domainini alma \u015fans\u0131n\u0131z varsa muhakkak bu domaini almaya \u00e7al\u0131\u015f\u0131n.<\/p>\n\n\n\n<p><br>Ma\u011faza veya marka ad\u0131n\u0131 tescil etti\u011finizde \u015fayet sat\u0131n al\u0131nmam\u0131\u015fsa tescil belgenizle com.tr domain ad\u0131n\u0131 alabilece\u011finizi de \u00f6zellikle belirteyim.<\/p>\n\n\n\n<p><br>.com domanini alma f\u0131rsat\u0131n\u0131z bulunmuyorsa .net veya .com.tr domainini sat\u0131n alabilirsiniz. Burada yine dikkat etmeniz gereken nokta \u015fayet .com domain uzant\u0131s\u0131 tescil edilmi\u015fse sizinle ayn\u0131 veya benzer bir alanda i\u015fletme olmamas\u0131na dikkat edin.<br>Bunun hem size hem kar\u015f\u0131 tarafa ticari veya itibar zararlar\u0131 yaratabilece\u011fini unutmay\u0131n.<\/p>\n","protected":false},"excerpt":{"rendered":"<p>\u0130zlemediyseniz bu konuyla ba\u011flant\u0131l\u0131 2 video\u2019ya Youtube kanal\u0131nda g\u00f6z atmay\u0131 unutmay\u0131n. E-Ticaret i\u00e7in Marka Tescili Bundan bir 5-6 y\u0131l \u00f6nce e-ticaret sat\u0131c\u0131lar\u0131 i\u00e7in marka tescilinin \u00e7ok b\u00fcy\u00fck bir \u00f6nemi yoktu ama bug\u00fcn bakt\u0131\u011f\u0131n\u0131zda bu i\u015fe ba\u015flamadan \u00f6nce yapman\u0131z gereken ilk i\u015flerden bir tanesi domaninizin ve&#8230;<\/p>\n","protected":false},"author":1,"featured_media":134,"comment_status":"open","ping_status":"open","sticky":true,"template":"","format":"standard","meta":{"footnotes":""},"categories":[17,1,23,6,26],"tags":[83,35,37,38,36,34,52,51,42,50,40,49,41],"class_list":["post-133","post","type-post","status-publish","format-standard","has-post-thumbnail","hentry","category-e-ticaret","category-genel","category-marka-tescil","category-pazaryerleri","category-sirket-kurulus-islemleri","tag-amazon","tag-e-ticaret-marka-tescili-yapilmazsa-ne-olur","tag-eticaret-domain-secimi","tag-eticaret-magaza-adi-secimi","tag-eticaret-marka-adi-secerken-dikkat-edilmesi-gerekenler","tag-eticaret-marka-tescili","tag-gittigidiyor","tag-hepsiburada","tag-hepsiburada-magaza-adi-secimi","tag-n11","tag-n11-magaza-adi-secimi","tag-trendyol","tag-trendyol-magaza-adi-secimi"],"yoast_head":"<!-- This site is optimized with the Yoast SEO plugin v17.8 - https:\/\/yoast.com\/wordpress\/plugins\/seo\/ -->\n<title>E-Ticaret Domain, Marka Tescili, Pazaryeri Ma\u011faza Ad\u0131 Se\u00e7imi - G\u00f6khan Tanr\u0131verdi - Blog<\/title>\n<meta name=\"description\" content=\"Bundan bir 5-6 y\u0131l \u00f6nce e-ticaret sat\u0131c\u0131lar\u0131 i\u00e7in marka tescilinin \u00e7ok b\u00fcy\u00fck bir \u00f6nemi yoktu ama bug\u00fcn bakt\u0131\u011f\u0131n\u0131zda bu i\u015fe ba\u015flamadan \u00f6nce yapman\u0131z gereken ilk i\u015flerden bir tanesi domaninizin ve \u00fcr\u00fcn\u00fcn\u00fcz\u00fcn markas\u0131 i\u00e7in tescil yapt\u0131rmak.\" \/>\n<meta name=\"robots\" content=\"index, follow, max-snippet:-1, max-image-preview:large, max-video-preview:-1\" \/>\n<link rel=\"canonical\" href=\"https:\/\/gokhantanriverdi.com.tr\/blog\/e-ticaret-domain-marka-tescili-pazaryeri-magaza-adi-secimi\/\" \/>\n<meta property=\"og:locale\" content=\"tr_TR\" \/>\n<meta property=\"og:type\" content=\"article\" \/>\n<meta property=\"og:title\" content=\"E-Ticaret Domain, Marka Tescili, Pazaryeri Ma\u011faza Ad\u0131 Se\u00e7imi - G\u00f6khan Tanr\u0131verdi - Blog\" \/>\n<meta property=\"og:description\" content=\"Bundan bir 5-6 y\u0131l \u00f6nce e-ticaret sat\u0131c\u0131lar\u0131 i\u00e7in marka tescilinin \u00e7ok b\u00fcy\u00fck bir \u00f6nemi yoktu ama bug\u00fcn bakt\u0131\u011f\u0131n\u0131zda bu i\u015fe ba\u015flamadan \u00f6nce yapman\u0131z gereken ilk i\u015flerden bir tanesi domaninizin ve \u00fcr\u00fcn\u00fcn\u00fcz\u00fcn markas\u0131 i\u00e7in tescil yapt\u0131rmak.\" \/>\n<meta property=\"og:url\" content=\"https:\/\/gokhantanriverdi.com.tr\/blog\/e-ticaret-domain-marka-tescili-pazaryeri-magaza-adi-secimi\/\" \/>\n<meta property=\"og:site_name\" content=\"G\u00f6khan Tanr\u0131verdi - Blog\" \/>\n<meta property=\"article:published_time\" content=\"2022-01-10T08:15:22+00:00\" \/>\n<meta property=\"article:modified_time\" content=\"2022-01-10T22:03:33+00:00\" \/>\n<meta property=\"og:image\" content=\"https:\/\/gokhantanriverdi.com.tr\/blog\/wp-content\/uploads\/2022\/01\/domain_marka_magaza_adi_secimi.jpg\" \/>\n\t<meta property=\"og:image:width\" content=\"1020\" \/>\n\t<meta property=\"og:image:height\" content=\"600\" \/>\n<meta name=\"twitter:card\" content=\"summary_large_image\" \/>\n<meta name=\"twitter:creator\" content=\"@gkntan\" \/>\n<meta name=\"twitter:site\" content=\"@gkntan\" \/>\n<meta name=\"twitter:label1\" content=\"Yazan:\" \/>\n\t<meta name=\"twitter:data1\" content=\"gokhantanriverdi\" \/>\n\t<meta name=\"twitter:label2\" content=\"Tahmini okuma s\u00fcresi\" \/>\n\t<meta name=\"twitter:data2\" content=\"4 dakika\" \/>\n<script type=\"application\/ld+json\" class=\"yoast-schema-graph\">{\"@context\":\"https:\/\/schema.org\",\"@graph\":[{\"@type\":\"WebSite\",\"@id\":\"https:\/\/gokhantanriverdi.com.tr\/blog\/#website\",\"url\":\"https:\/\/gokhantanriverdi.com.tr\/blog\/\",\"name\":\"G\\u00f6khan Tanr\\u0131verdi - Blog\",\"description\":\"Burada \\u00fcretti\\u011fim i\\u00e7eriklerin yaz\\u0131l\\u0131 \\u00e7\\u0131kt\\u0131lar\\u0131n\\u0131 payla\\u015f\\u0131yorum.\",\"potentialAction\":[{\"@type\":\"SearchAction\",\"target\":{\"@type\":\"EntryPoint\",\"urlTemplate\":\"https:\/\/gokhantanriverdi.com.tr\/blog\/?s={search_term_string}\"},\"query-input\":\"required name=search_term_string\"}],\"inLanguage\":\"tr\"},{\"@type\":\"ImageObject\",\"@id\":\"https:\/\/gokhantanriverdi.com.tr\/blog\/e-ticaret-domain-marka-tescili-pazaryeri-magaza-adi-secimi\/#primaryimage\",\"inLanguage\":\"tr\",\"url\":\"https:\/\/gokhantanriverdi.com.tr\/blog\/wp-content\/uploads\/2022\/01\/domain_marka_magaza_adi_secimi.jpg\",\"contentUrl\":\"https:\/\/gokhantanriverdi.com.tr\/blog\/wp-content\/uploads\/2022\/01\/domain_marka_magaza_adi_secimi.jpg\",\"width\":1020,\"height\":600,\"caption\":\"domain_marka_magaza_adi_secimi\"},{\"@type\":\"WebPage\",\"@id\":\"https:\/\/gokhantanriverdi.com.tr\/blog\/e-ticaret-domain-marka-tescili-pazaryeri-magaza-adi-secimi\/#webpage\",\"url\":\"https:\/\/gokhantanriverdi.com.tr\/blog\/e-ticaret-domain-marka-tescili-pazaryeri-magaza-adi-secimi\/\",\"name\":\"E-Ticaret Domain, Marka Tescili, Pazaryeri Ma\\u011faza Ad\\u0131 Se\\u00e7imi - G\\u00f6khan Tanr\\u0131verdi - Blog\",\"isPartOf\":{\"@id\":\"https:\/\/gokhantanriverdi.com.tr\/blog\/#website\"},\"primaryImageOfPage\":{\"@id\":\"https:\/\/gokhantanriverdi.com.tr\/blog\/e-ticaret-domain-marka-tescili-pazaryeri-magaza-adi-secimi\/#primaryimage\"},\"datePublished\":\"2022-01-10T08:15:22+00:00\",\"dateModified\":\"2022-01-10T22:03:33+00:00\",\"author\":{\"@id\":\"https:\/\/gokhantanriverdi.com.tr\/blog\/#\/schema\/person\/46f493323472d110c59e368376ee3383\"},\"description\":\"Bundan bir 5-6 y\\u0131l \\u00f6nce e-ticaret sat\\u0131c\\u0131lar\\u0131 i\\u00e7in marka tescilinin \\u00e7ok b\\u00fcy\\u00fck bir \\u00f6nemi yoktu ama bug\\u00fcn bakt\\u0131\\u011f\\u0131n\\u0131zda bu i\\u015fe ba\\u015flamadan \\u00f6nce yapman\\u0131z gereken ilk i\\u015flerden bir tanesi domaninizin ve \\u00fcr\\u00fcn\\u00fcn\\u00fcz\\u00fcn markas\\u0131 i\\u00e7in tescil yapt\\u0131rmak.\",\"breadcrumb\":{\"@id\":\"https:\/\/gokhantanriverdi.com.tr\/blog\/e-ticaret-domain-marka-tescili-pazaryeri-magaza-adi-secimi\/#breadcrumb\"},\"inLanguage\":\"tr\",\"potentialAction\":[{\"@type\":\"ReadAction\",\"target\":[\"https:\/\/gokhantanriverdi.com.tr\/blog\/e-ticaret-domain-marka-tescili-pazaryeri-magaza-adi-secimi\/\"]}]},{\"@type\":\"BreadcrumbList\",\"@id\":\"https:\/\/gokhantanriverdi.com.tr\/blog\/e-ticaret-domain-marka-tescili-pazaryeri-magaza-adi-secimi\/#breadcrumb\",\"itemListElement\":[{\"@type\":\"ListItem\",\"position\":1,\"name\":\"Anasayfa\",\"item\":\"https:\/\/gokhantanriverdi.com.tr\/blog\/\"},{\"@type\":\"ListItem\",\"position\":2,\"name\":\"E-Ticaret Domain, Marka Tescili, Pazaryeri Ma\\u011faza Ad\\u0131 Se\\u00e7imi\"}]},{\"@type\":\"Person\",\"@id\":\"https:\/\/gokhantanriverdi.com.tr\/blog\/#\/schema\/person\/46f493323472d110c59e368376ee3383\",\"name\":\"gokhantanriverdi\",\"image\":{\"@type\":\"ImageObject\",\"@id\":\"https:\/\/gokhantanriverdi.com.tr\/blog\/#personlogo\",\"inLanguage\":\"tr\",\"url\":\"https:\/\/secure.gravatar.com\/avatar\/eb58dc307a24559155aeeb93fc8dc7ae748728149a47d90c6863149a236cd060?s=96&d=retro&r=g\",\"contentUrl\":\"https:\/\/secure.gravatar.com\/avatar\/eb58dc307a24559155aeeb93fc8dc7ae748728149a47d90c6863149a236cd060?s=96&d=retro&r=g\",\"caption\":\"gokhantanriverdi\"},\"sameAs\":[\"https:\/\/gokhantanriverdi.com.tr\/blog\"],\"url\":\"https:\/\/gokhantanriverdi.com.tr\/blog\/author\/gokhantanriverdi\/\"}]}<\/script>\n<!-- \/ Yoast SEO plugin. -->","yoast_head_json":{"title":"E-Ticaret Domain, Marka Tescili, Pazaryeri Ma\u011faza Ad\u0131 Se\u00e7imi - G\u00f6khan Tanr\u0131verdi - Blog","description":"Bundan bir 5-6 y\u0131l \u00f6nce e-ticaret sat\u0131c\u0131lar\u0131 i\u00e7in marka tescilinin \u00e7ok b\u00fcy\u00fck bir \u00f6nemi yoktu ama bug\u00fcn bakt\u0131\u011f\u0131n\u0131zda bu i\u015fe ba\u015flamadan \u00f6nce yapman\u0131z gereken ilk i\u015flerden bir tanesi domaninizin ve \u00fcr\u00fcn\u00fcn\u00fcz\u00fcn markas\u0131 i\u00e7in tescil yapt\u0131rmak.","robots":{"index":"index","follow":"follow","max-snippet":"max-snippet:-1","max-image-preview":"max-image-preview:large","max-video-preview":"max-video-preview:-1"},"canonical":"https:\/\/gokhantanriverdi.com.tr\/blog\/e-ticaret-domain-marka-tescili-pazaryeri-magaza-adi-secimi\/","og_locale":"tr_TR","og_type":"article","og_title":"E-Ticaret Domain, Marka Tescili, Pazaryeri Ma\u011faza Ad\u0131 Se\u00e7imi - G\u00f6khan Tanr\u0131verdi - Blog","og_description":"Bundan bir 5-6 y\u0131l \u00f6nce e-ticaret sat\u0131c\u0131lar\u0131 i\u00e7in marka tescilinin \u00e7ok b\u00fcy\u00fck bir \u00f6nemi yoktu ama bug\u00fcn bakt\u0131\u011f\u0131n\u0131zda bu i\u015fe ba\u015flamadan \u00f6nce yapman\u0131z gereken ilk i\u015flerden bir tanesi domaninizin ve \u00fcr\u00fcn\u00fcn\u00fcz\u00fcn markas\u0131 i\u00e7in tescil yapt\u0131rmak.","og_url":"https:\/\/gokhantanriverdi.com.tr\/blog\/e-ticaret-domain-marka-tescili-pazaryeri-magaza-adi-secimi\/","og_site_name":"G\u00f6khan Tanr\u0131verdi - Blog","article_published_time":"2022-01-10T08:15:22+00:00","article_modified_time":"2022-01-10T22:03:33+00:00","og_image":[{"width":1020,"height":600,"url":"https:\/\/gokhantanriverdi.com.tr\/blog\/wp-content\/uploads\/2022\/01\/domain_marka_magaza_adi_secimi.jpg","type":"image\/jpeg"}],"twitter_card":"summary_large_image","twitter_creator":"@gkntan","twitter_site":"@gkntan","twitter_misc":{"Yazan:":"gokhantanriverdi","Tahmini okuma s\u00fcresi":"4 dakika"},"schema":{"@context":"https:\/\/schema.org","@graph":[{"@type":"WebSite","@id":"https:\/\/gokhantanriverdi.com.tr\/blog\/#website","url":"https:\/\/gokhantanriverdi.com.tr\/blog\/","name":"G\u00f6khan Tanr\u0131verdi - Blog","description":"Burada \u00fcretti\u011fim i\u00e7eriklerin yaz\u0131l\u0131 \u00e7\u0131kt\u0131lar\u0131n\u0131 payla\u015f\u0131yorum.","potentialAction":[{"@type":"SearchAction","target":{"@type":"EntryPoint","urlTemplate":"https:\/\/gokhantanriverdi.com.tr\/blog\/?s={search_term_string}"},"query-input":"required name=search_term_string"}],"inLanguage":"tr"},{"@type":"ImageObject","@id":"https:\/\/gokhantanriverdi.com.tr\/blog\/e-ticaret-domain-marka-tescili-pazaryeri-magaza-adi-secimi\/#primaryimage","inLanguage":"tr","url":"https:\/\/gokhantanriverdi.com.tr\/blog\/wp-content\/uploads\/2022\/01\/domain_marka_magaza_adi_secimi.jpg","contentUrl":"https:\/\/gokhantanriverdi.com.tr\/blog\/wp-content\/uploads\/2022\/01\/domain_marka_magaza_adi_secimi.jpg","width":1020,"height":600,"caption":"domain_marka_magaza_adi_secimi"},{"@type":"WebPage","@id":"https:\/\/gokhantanriverdi.com.tr\/blog\/e-ticaret-domain-marka-tescili-pazaryeri-magaza-adi-secimi\/#webpage","url":"https:\/\/gokhantanriverdi.com.tr\/blog\/e-ticaret-domain-marka-tescili-pazaryeri-magaza-adi-secimi\/","name":"E-Ticaret Domain, Marka Tescili, Pazaryeri Ma\u011faza Ad\u0131 Se\u00e7imi - G\u00f6khan Tanr\u0131verdi - Blog","isPartOf":{"@id":"https:\/\/gokhantanriverdi.com.tr\/blog\/#website"},"primaryImageOfPage":{"@id":"https:\/\/gokhantanriverdi.com.tr\/blog\/e-ticaret-domain-marka-tescili-pazaryeri-magaza-adi-secimi\/#primaryimage"},"datePublished":"2022-01-10T08:15:22+00:00","dateModified":"2022-01-10T22:03:33+00:00","author":{"@id":"https:\/\/gokhantanriverdi.com.tr\/blog\/#\/schema\/person\/46f493323472d110c59e368376ee3383"},"description":"Bundan bir 5-6 y\u0131l \u00f6nce e-ticaret sat\u0131c\u0131lar\u0131 i\u00e7in marka tescilinin \u00e7ok b\u00fcy\u00fck bir \u00f6nemi yoktu ama bug\u00fcn bakt\u0131\u011f\u0131n\u0131zda bu i\u015fe ba\u015flamadan \u00f6nce yapman\u0131z gereken ilk i\u015flerden bir tanesi domaninizin ve \u00fcr\u00fcn\u00fcn\u00fcz\u00fcn markas\u0131 i\u00e7in tescil yapt\u0131rmak.","breadcrumb":{"@id":"https:\/\/gokhantanriverdi.com.tr\/blog\/e-ticaret-domain-marka-tescili-pazaryeri-magaza-adi-secimi\/#breadcrumb"},"inLanguage":"tr","potentialAction":[{"@type":"ReadAction","target":["https:\/\/gokhantanriverdi.com.tr\/blog\/e-ticaret-domain-marka-tescili-pazaryeri-magaza-adi-secimi\/"]}]},{"@type":"BreadcrumbList","@id":"https:\/\/gokhantanriverdi.com.tr\/blog\/e-ticaret-domain-marka-tescili-pazaryeri-magaza-adi-secimi\/#breadcrumb","itemListElement":[{"@type":"ListItem","position":1,"name":"Anasayfa","item":"https:\/\/gokhantanriverdi.com.tr\/blog\/"},{"@type":"ListItem","position":2,"name":"E-Ticaret Domain, Marka Tescili, Pazaryeri Ma\u011faza Ad\u0131 Se\u00e7imi"}]},{"@type":"Person","@id":"https:\/\/gokhantanriverdi.com.tr\/blog\/#\/schema\/person\/46f493323472d110c59e368376ee3383","name":"gokhantanriverdi","image":{"@type":"ImageObject","@id":"https:\/\/gokhantanriverdi.com.tr\/blog\/#personlogo","inLanguage":"tr","url":"https:\/\/secure.gravatar.com\/avatar\/eb58dc307a24559155aeeb93fc8dc7ae748728149a47d90c6863149a236cd060?s=96&d=retro&r=g","contentUrl":"https:\/\/secure.gravatar.com\/avatar\/eb58dc307a24559155aeeb93fc8dc7ae748728149a47d90c6863149a236cd060?s=96&d=retro&r=g","caption":"gokhantanriverdi"},"sameAs":["https:\/\/gokhantanriverdi.com.tr\/blog"],"url":"https:\/\/gokhantanriverdi.com.tr\/blog\/author\/gokhantanriverdi\/"}]}},"_links":{"self":[{"href":"https:\/\/gokhantanriverdi.com.tr\/blog\/wp-json\/wp\/v2\/posts\/133","targetHints":{"allow":["GET"]}}],"collection":[{"href":"https:\/\/gokhantanriverdi.com.tr\/blog\/wp-json\/wp\/v2\/posts"}],"about":[{"href":"https:\/\/gokhantanriverdi.com.tr\/blog\/wp-json\/wp\/v2\/types\/post"}],"author":[{"embeddable":true,"href":"https:\/\/gokhantanriverdi.com.tr\/blog\/wp-json\/wp\/v2\/users\/1"}],"replies":[{"embeddable":true,"href":"https:\/\/gokhantanriverdi.com.tr\/blog\/wp-json\/wp\/v2\/comments?post=133"}],"version-history":[{"count":4,"href":"https:\/\/gokhantanriverdi.com.tr\/blog\/wp-json\/wp\/v2\/posts\/133\/revisions"}],"predecessor-version":[{"id":173,"href":"https:\/\/gokhantanriverdi.com.tr\/blog\/wp-json\/wp\/v2\/posts\/133\/revisions\/173"}],"wp:featuredmedia":[{"embeddable":true,"href":"https:\/\/gokhantanriverdi.com.tr\/blog\/wp-json\/wp\/v2\/media\/134"}],"wp:attachment":[{"href":"https:\/\/gokhantanriverdi.com.tr\/blog\/wp-json\/wp\/v2\/media?parent=133"}],"wp:term":[{"taxonomy":"category","embeddable":true,"href":"https:\/\/gokhantanriverdi.com.tr\/blog\/wp-json\/wp\/v2\/categories?post=133"},{"taxonomy":"post_tag","embeddable":true,"href":"https:\/\/gokhantanriverdi.com.tr\/blog\/wp-json\/wp\/v2\/tags?post=133"}],"curies":[{"name":"wp","href":"https:\/\/api.w.org\/{rel}","templated":true}]}}